{"id":978,"date":"2025-09-01T21:18:55","date_gmt":"2025-09-01T19:18:55","guid":{"rendered":"https:\/\/ukssatori.esy.es\/?p=978"},"modified":"2025-10-02T16:00:07","modified_gmt":"2025-10-02T14:00:07","slug":"rozpoczecie-sezonu-treningow-karate-2025-26","status":"publish","type":"post","link":"https:\/\/ukssatori.esy.es\/index.php\/2025\/09\/01\/rozpoczecie-sezonu-treningow-karate-2025-26\/","title":{"rendered":"ROZPOCZ\u0118CIE SEZONU TRENING\u00d3W KARATE 2025\/26"},"content":{"rendered":"\n<p><em>Zaczynamy nowy sezon treningowy:<\/em><\/p>\n\n\n\n<p><a href=\"http:\/\/ukssatori.esy.es\/index.php\/treningi\/#not-set:starsi\"><strong>GRUPA STARSZA<\/strong> treningi od czwartku 4.09<\/a><\/p>\n\n\n\n<ul class=\"wp-block-list\">\n<li>poniedzia\u0142ki &#8211; godz. 19:30 &#8211; hala MOSiR Miko\u0142\u00f3w<\/li>\n\n\n\n<li>czwartki &#8211; godz. 20:05 &#8211; hala MOSiR Miko\u0142\u00f3w<\/li>\n<\/ul>\n\n\n\n<p><a href=\"http:\/\/ukssatori.esy.es\/index.php\/treningi\/#not-set:sredni\"><strong>GRUPA \u015aREDNIA<\/strong> ( 4 &#8211; 6 klasy)- od poniedzia\u0142ku 8.09<\/a><\/p>\n\n\n\n<ul class=\"wp-block-list\">\n<li>poniedzia\u0142ki &#8211; godz. 18:30 &#8211; hala MOSiR Miko\u0142\u00f3w<\/li>\n\n\n\n<li>pi\u0105tki &#8211; godz. 19:00 &#8211; hala MOSiR Miko\u0142\u00f3w<\/li>\n<\/ul>\n\n\n\n<p><a href=\"http:\/\/ukssatori.esy.es\/index.php\/treningi\/#not-set:mlodsi\"><strong>GRUPA M\u0141ODSZA<\/strong> (\u017c\u00f3\u0142ty pas) (1 &#8211; 3 klasa) &#8211; od \u015brody 17.09<\/a><\/p>\n\n\n\n<ul class=\"wp-block-list\">\n<li>\u015brody &#8211; godz. 19:00 &#8211; hala MOSiR Miko\u0142\u00f3w<\/li>\n\n\n\n<li>pi\u0105tki &#8211; godz. 17:30 &#8211; SP10 Miko\u0142\u00f3w<\/li>\n<\/ul>\n\n\n\n<p><a href=\"http:\/\/ukssatori.esy.es\/index.php\/treningi\/#not-set:mlodsi\"><strong>GRUPA M\u0141ODSZA<\/strong> (bia\u0142y pas, NOWI ) (1 &#8211; 3 klasa) &#8211; od czwartku 18.09<\/a><\/p>\n\n\n\n<ul class=\"wp-block-list\">\n<li>czwartki &#8211; godz. 19:05 &#8211; hala MOSiR Miko\u0142\u00f3w<\/li>\n\n\n\n<li>wtorki- godz. 19:00 &#8211; SP10 Miko\u0142\u00f3w<\/li>\n<\/ul>\n\n\n\n<p><a href=\"http:\/\/ukssatori.esy.es\/index.php\/treningi\/#not-set:mlodsi\"><strong>GRUPA M\u0141ODSZA<\/strong> (\u0141aziska, mieszana ) (1 &#8211; 3 klasa) &#8211; od poniedzia\u0142ku 15.09<\/a><\/p>\n\n\n\n<ul class=\"wp-block-list\">\n<li>poniedzia\u0142ki &#8211; godz. 17:00 &#8211; SP1 \u0141aziska G\u00f3rne<\/li>\n<\/ul>\n\n\n\n<p><a href=\"http:\/\/ukssatori.esy.es\/index.php\/treningi\/#not-set:przedszkolaki\"><strong>GRUPA PRZEDSZKOLNA<\/strong> &#8211; SP10 , hala MOSiR Miko\u0142\u00f3w i SP1 \u0141aziska G\u00f3rne<\/a><\/p>\n\n\n\n<ul class=\"wp-block-list\">\n<li>poniedzia\u0142ki &#8211; godz. 16:30 &#8211; SP1 \u0141aziska G\u00f3rne<\/li>\n\n\n\n<li>wtorki &#8211; godz. 18:30 &#8211; SP10 Miko\u0142\u00f3w<\/li>\n\n\n\n<li>czwartki &#8211; godz. 17:30 &#8211; hala MOSiR Miko\u0142\u00f3w &#8211; nowi<\/li>\n\n\n\n<li>czwartki &#8211; godz. 18:15 &#8211; hala MOSiR Miko\u0142\u00f3w &#8211; kontynuacja<\/li>\n<\/ul>\n\n\n\n<p>Nie wiesz do jakiej grupy nale\u017cysz sprawd\u017a w zak\u0142adce <a href=\"http:\/\/ukssatori.esy.es\/index.php\/grupy\/\">GRUPY<\/a><\/p>\n","protected":false},"excerpt":{"rendered":"<p>Zaczynamy nowy sezon treningowy: GRUPA STARSZA treningi od czwartku 4.09 GRUPA \u015aREDNIA ( 4 &#8211; 6 klasy)- od poniedzia\u0142ku 8.09 GRUPA M\u0141ODSZA (\u017c\u00f3\u0142ty pas) (1 &#8211; 3 klasa) &#8211; od \u015brody 17.09 GRUPA M\u0141ODSZA (bia\u0142y pas, NOWI ) (1 &#8211; 3 klasa) &#8211; od czwartku 18.09 GRUPA M\u0141ODSZA (\u0141aziska, mieszana ) (1 &#8211; 3 klasa) &hellip; <\/p>\n<p class=\"link-more\"><a href=\"https:\/\/ukssatori.esy.es\/index.php\/2025\/09\/01\/rozpoczecie-sezonu-treningow-karate-2025-26\/\" class=\"more-link\">Continue reading<span class=\"screen-reader-text\"> &#8222;ROZPOCZ\u0118CIE SEZONU TRENING\u00d3W KARATE 2025\/26&#8221;<\/span><\/a><\/p>\n","protected":false},"author":1,"featured_media":0,"comment_status":"closed","ping_status":"closed","sticky":false,"template":"","format":"standard","meta":{"footnotes":""},"categories":[4],"tags":[],"class_list":["post-978","post","type-post","status-publish","format-standard","hentry","category-aktualnosci"],"_links":{"self":[{"href":"https:\/\/ukssatori.esy.es\/index.php\/wp-json\/wp\/v2\/posts\/978","targetHints":{"allow":["GET"]}}],"collection":[{"href":"https:\/\/ukssatori.esy.es\/index.php\/wp-json\/wp\/v2\/posts"}],"about":[{"href":"https:\/\/ukssatori.esy.es\/index.php\/wp-json\/wp\/v2\/types\/post"}],"author":[{"embeddable":true,"href":"https:\/\/ukssatori.esy.es\/index.php\/wp-json\/wp\/v2\/users\/1"}],"replies":[{"embeddable":true,"href":"https:\/\/ukssatori.esy.es\/index.php\/wp-json\/wp\/v2\/comments?post=978"}],"version-history":[{"count":7,"href":"https:\/\/ukssatori.esy.es\/index.php\/wp-json\/wp\/v2\/posts\/978\/revisions"}],"predecessor-version":[{"id":1002,"href":"https:\/\/ukssatori.esy.es\/index.php\/wp-json\/wp\/v2\/posts\/978\/revisions\/1002"}],"wp:attachment":[{"href":"https:\/\/ukssatori.esy.es\/index.php\/wp-json\/wp\/v2\/media?parent=978"}],"wp:term":[{"taxonomy":"category","embeddable":true,"href":"https:\/\/ukssatori.esy.es\/index.php\/wp-json\/wp\/v2\/categories?post=978"},{"taxonomy":"post_tag","embeddable":true,"href":"https:\/\/ukssatori.esy.es\/index.php\/wp-json\/wp\/v2\/tags?post=978"}],"curies":[{"name":"wp","href":"https:\/\/api.w.org\/{rel}","templated":true}]}}