{"id":944,"date":"2025-01-29T23:13:07","date_gmt":"2025-01-29T22:13:07","guid":{"rendered":"https:\/\/ukssatori.esy.es\/?p=944"},"modified":"2025-01-29T23:13:07","modified_gmt":"2025-01-29T22:13:07","slug":"oboz-karate-2025","status":"publish","type":"post","link":"https:\/\/ukssatori.esy.es\/index.php\/2025\/01\/29\/oboz-karate-2025\/","title":{"rendered":"OB\u00d3Z KARATE 2025"},"content":{"rendered":"\n<p><strong>ZAPRASZAMY WSZYSTKICH NA OB\u00d3Z KARATE LATO 2025 !!!<\/strong><\/p>\n\n\n<p>Szczeg\u00f3\u0142y znajdziecie w zak\u0142adce\u00a0<a href=\"http:\/\/ukssatori.esy.es\/index.php\/oboz\/\">OB\u00d3Z<\/a><\/p>\n\n\n<p>Oczywi\u015bcie tak jak w zesz\u0142ym roku \u2013 uczestnicy obozu LATO 2024, maj\u0105 pierwsze\u0144stwo zapisania si\u0119 na tegoroczny wyjazd \u2013 wystarczy wys\u0142a\u0107 sms do trenerki Pati do dnia 31.01\u00a0<strong>\ud83d\ude42<\/strong><\/p>\n\n\n<p><img fetchpriority=\"high\" decoding=\"async\" class=\"alignnone size-large wp-image-946\" src=\"http:\/\/ukssatori.esy.es\/wp-content\/uploads\/2025\/01\/Oboz-info-strona-1024x819.jpg\" alt=\"\" width=\"1024\" height=\"819\" srcset=\"https:\/\/ukssatori.esy.es\/wp-content\/uploads\/2025\/01\/Oboz-info-strona-1024x819.jpg 1024w, https:\/\/ukssatori.esy.es\/wp-content\/uploads\/2025\/01\/Oboz-info-strona-300x240.jpg 300w, https:\/\/ukssatori.esy.es\/wp-content\/uploads\/2025\/01\/Oboz-info-strona-768x614.jpg 768w, https:\/\/ukssatori.esy.es\/wp-content\/uploads\/2025\/01\/Oboz-info-strona-1536x1229.jpg 1536w, https:\/\/ukssatori.esy.es\/wp-content\/uploads\/2025\/01\/Oboz-info-strona-200x160.jpg 200w, https:\/\/ukssatori.esy.es\/wp-content\/uploads\/2025\/01\/Oboz-info-strona.jpg 2000w\" sizes=\"(max-width: 1024px) 100vw, 1024px\" \/><\/p>\n\n\n<p><\/p>\n","protected":false},"excerpt":{"rendered":"<p>ZAPRASZAMY WSZYSTKICH NA OB\u00d3Z KARATE LATO 2025 !!! Szczeg\u00f3\u0142y znajdziecie w zak\u0142adce\u00a0OB\u00d3Z Oczywi\u015bcie tak jak w zesz\u0142ym roku \u2013 uczestnicy obozu LATO 2024, maj\u0105 pierwsze\u0144stwo zapisania si\u0119 na tegoroczny wyjazd \u2013 wystarczy wys\u0142a\u0107 sms do trenerki Pati do dnia 31.01\u00a0\ud83d\ude42<\/p>\n","protected":false},"author":1,"featured_media":0,"comment_status":"closed","ping_status":"closed","sticky":false,"template":"","format":"standard","meta":{"footnotes":""},"categories":[4],"tags":[],"class_list":["post-944","post","type-post","status-publish","format-standard","hentry","category-aktualnosci"],"_links":{"self":[{"href":"https:\/\/ukssatori.esy.es\/index.php\/wp-json\/wp\/v2\/posts\/944","targetHints":{"allow":["GET"]}}],"collection":[{"href":"https:\/\/ukssatori.esy.es\/index.php\/wp-json\/wp\/v2\/posts"}],"about":[{"href":"https:\/\/ukssatori.esy.es\/index.php\/wp-json\/wp\/v2\/types\/post"}],"author":[{"embeddable":true,"href":"https:\/\/ukssatori.esy.es\/index.php\/wp-json\/wp\/v2\/users\/1"}],"replies":[{"embeddable":true,"href":"https:\/\/ukssatori.esy.es\/index.php\/wp-json\/wp\/v2\/comments?post=944"}],"version-history":[{"count":1,"href":"https:\/\/ukssatori.esy.es\/index.php\/wp-json\/wp\/v2\/posts\/944\/revisions"}],"predecessor-version":[{"id":964,"href":"https:\/\/ukssatori.esy.es\/index.php\/wp-json\/wp\/v2\/posts\/944\/revisions\/964"}],"wp:attachment":[{"href":"https:\/\/ukssatori.esy.es\/index.php\/wp-json\/wp\/v2\/media?parent=944"}],"wp:term":[{"taxonomy":"category","embeddable":true,"href":"https:\/\/ukssatori.esy.es\/index.php\/wp-json\/wp\/v2\/categories?post=944"},{"taxonomy":"post_tag","embeddable":true,"href":"https:\/\/ukssatori.esy.es\/index.php\/wp-json\/wp\/v2\/tags?post=944"}],"curies":[{"name":"wp","href":"https:\/\/api.w.org\/{rel}","templated":true}]}}