{"id":861,"date":"2024-09-04T18:53:01","date_gmt":"2024-09-04T16:53:01","guid":{"rendered":"http:\/\/ukssatori.esy.es\/?p=861"},"modified":"2024-10-01T15:06:03","modified_gmt":"2024-10-01T13:06:03","slug":"rozpoczecie-sezonu-treningow-karate-2024-25","status":"publish","type":"post","link":"https:\/\/ukssatori.esy.es\/index.php\/2024\/09\/04\/rozpoczecie-sezonu-treningow-karate-2024-25\/","title":{"rendered":"ROZPOCZ\u0118CIE SEZONU TRENING\u00d3W KARATE 2024\/25"},"content":{"rendered":"\n<p><em>Zaczynamy nowy sezon treningowy:<\/em><\/p>\n\n\n\n<p><a href=\"http:\/\/ukssatori.esy.es\/index.php\/treningi\/#not-set:starsi\"><strong>GRUPA STARSZA<\/strong> treningi od czwartku 5.09<\/a><\/p>\n\n\n\n<ul class=\"wp-block-list\">\n<li>poniedzia\u0142ki &#8211;  godz. 19:30 &#8211; hala MOSiR <\/li>\n\n\n\n<li>czwartki &#8211;  godz. 20:05 &#8211; hala MOSiR <\/li>\n<\/ul>\n\n\n\n<p><a href=\"http:\/\/ukssatori.esy.es\/index.php\/treningi\/#not-set:sredni\"><strong>GRUPA \u015aREDNIA<\/strong> ( 4 &#8211; 6 klasy)- od poniedzia\u0142ku 9.09<\/a><\/p>\n\n\n\n<ul class=\"wp-block-list\">\n<li>poniedzia\u0142ki &#8211;  godz. 18:30 &#8211; hala MOSiR<\/li>\n\n\n\n<li>pi\u0105tki &#8211; godz. 19:00 &#8211; hala MOSiR<\/li>\n<\/ul>\n\n\n\n<p><a href=\"http:\/\/ukssatori.esy.es\/index.php\/treningi\/#not-set:mlodsi\"><strong>GRUPA M\u0141ODSZA<\/strong> (\u017c\u00f3\u0142ty pas) (1 &#8211; 3 klasa) &#8211; od \u015brody 18.09<\/a><\/p>\n\n\n\n<ul class=\"wp-block-list\">\n<li>\u015brody &#8211;  godz. 19:00 &#8211; hala MOSiR<\/li>\n\n\n\n<li>pi\u0105tki &#8211; godz. 17:30 &#8211; SP10 &#8211; od pa\u017adziernika<\/li>\n<\/ul>\n\n\n\n<p><a href=\"http:\/\/ukssatori.esy.es\/index.php\/treningi\/#not-set:mlodsi\"><\/a><a href=\"http:\/\/ukssatori.esy.es\/index.php\/treningi\/#not-set:mlodsi\"><strong>GRUPA M\u0141ODSZA<\/strong> (bia\u0142y pas, NOWI ) (1 &#8211; 3 klasa) &#8211; od czwartku 19.09<\/a><\/p>\n\n\n\n<ul class=\"wp-block-list\">\n<li>wtorki &#8211;  godz. 19:00 &#8211; SP10 &#8211; od pa\u017adziernika<\/li>\n\n\n\n<li>czwartki &#8211;  godz. 19:05 &#8211; hala MOSiR<\/li>\n<\/ul>\n\n\n\n<p><a href=\"http:\/\/ukssatori.esy.es\/index.php\/treningi\/#not-set:przedszkolaki\"><strong>GRUPA PRZEDSZKOLNA<\/strong> &#8211; SP10 i hala MOSiR<\/a><\/p>\n\n\n\n<ul class=\"wp-block-list\">\n<li>wtorki &#8211; godz. 18:30 &#8211; SP10<\/li>\n\n\n\n<li>czwartki &#8211; godz. 17:30 (nowi), godz.18:15 (osoby zesz\u0142oroczne)- hala MOSiR<\/li>\n<\/ul>\n\n\n\n<p>Nie wiesz do jakiej grupy nale\u017cysz sprawd\u017a w zak\u0142adce <a href=\"http:\/\/ukssatori.esy.es\/index.php\/grupy\/\">GRUPY<\/a><\/p>\n\n\n\n<p><\/p>\n","protected":false},"excerpt":{"rendered":"<p>Zaczynamy nowy sezon treningowy: GRUPA STARSZA treningi od czwartku 5.09 GRUPA \u015aREDNIA ( 4 &#8211; 6 klasy)- od poniedzia\u0142ku 9.09 GRUPA M\u0141ODSZA (\u017c\u00f3\u0142ty pas) (1 &#8211; 3 klasa) &#8211; od \u015brody 18.09 GRUPA M\u0141ODSZA (bia\u0142y pas, NOWI ) (1 &#8211; 3 klasa) &#8211; od czwartku 19.09 GRUPA PRZEDSZKOLNA &#8211; SP10 i hala MOSiR Nie wiesz &hellip; <\/p>\n<p class=\"link-more\"><a href=\"https:\/\/ukssatori.esy.es\/index.php\/2024\/09\/04\/rozpoczecie-sezonu-treningow-karate-2024-25\/\" class=\"more-link\">Continue reading<span class=\"screen-reader-text\"> &#8222;ROZPOCZ\u0118CIE SEZONU TRENING\u00d3W KARATE 2024\/25&#8221;<\/span><\/a><\/p>\n","protected":false},"author":1,"featured_media":0,"comment_status":"closed","ping_status":"closed","sticky":false,"template":"","format":"standard","meta":{"footnotes":""},"categories":[4],"tags":[],"class_list":["post-861","post","type-post","status-publish","format-standard","hentry","category-aktualnosci"],"_links":{"self":[{"href":"https:\/\/ukssatori.esy.es\/index.php\/wp-json\/wp\/v2\/posts\/861","targetHints":{"allow":["GET"]}}],"collection":[{"href":"https:\/\/ukssatori.esy.es\/index.php\/wp-json\/wp\/v2\/posts"}],"about":[{"href":"https:\/\/ukssatori.esy.es\/index.php\/wp-json\/wp\/v2\/types\/post"}],"author":[{"embeddable":true,"href":"https:\/\/ukssatori.esy.es\/index.php\/wp-json\/wp\/v2\/users\/1"}],"replies":[{"embeddable":true,"href":"https:\/\/ukssatori.esy.es\/index.php\/wp-json\/wp\/v2\/comments?post=861"}],"version-history":[{"count":6,"href":"https:\/\/ukssatori.esy.es\/index.php\/wp-json\/wp\/v2\/posts\/861\/revisions"}],"predecessor-version":[{"id":919,"href":"https:\/\/ukssatori.esy.es\/index.php\/wp-json\/wp\/v2\/posts\/861\/revisions\/919"}],"wp:attachment":[{"href":"https:\/\/ukssatori.esy.es\/index.php\/wp-json\/wp\/v2\/media?parent=861"}],"wp:term":[{"taxonomy":"category","embeddable":true,"href":"https:\/\/ukssatori.esy.es\/index.php\/wp-json\/wp\/v2\/categories?post=861"},{"taxonomy":"post_tag","embeddable":true,"href":"https:\/\/ukssatori.esy.es\/index.php\/wp-json\/wp\/v2\/tags?post=861"}],"curies":[{"name":"wp","href":"https:\/\/api.w.org\/{rel}","templated":true}]}}