{"id":747,"date":"2023-09-03T12:37:08","date_gmt":"2023-09-03T10:37:08","guid":{"rendered":"http:\/\/ukssatori.esy.es\/?p=747"},"modified":"2023-10-01T20:45:49","modified_gmt":"2023-10-01T18:45:49","slug":"rozpoczecie-sezonu-treningow-karate-2023-24","status":"publish","type":"post","link":"https:\/\/ukssatori.esy.es\/index.php\/2023\/09\/03\/rozpoczecie-sezonu-treningow-karate-2023-24\/","title":{"rendered":"ROZPOCZ\u0118CIE SEZONU TRENING\u00d3W KARATE 2023\/24"},"content":{"rendered":"\n<p><em>Zaczynamy nowy sezon treningowy:<\/em><\/p>\n\n\n\n<p><a href=\"http:\/\/ukssatori.esy.es\/index.php\/treningi\/#not-set:starsi\"><strong>GRUPA STARSZA<\/strong> &#8211; od poniedzia\u0142ku 4.09, godz. 19:30, hala MOSiR <\/a><\/p>\n\n\n\n<p><a href=\"http:\/\/ukssatori.esy.es\/index.php\/treningi\/#not-set:sredni\"><strong>GRUPA \u015aREDNIA<\/strong> &#8211; od poniedzia\u0142ku 11.09, godz. 18:30, hala MOSiR <\/a><\/p>\n\n\n\n<p><a href=\"http:\/\/ukssatori.esy.es\/index.php\/treningi\/#not-set:mlodsi\"><strong>GRUPA M\u0141ODSZA<\/strong> (\u017c\u00f3\u0142ty pas)- od \u015brody 20.09, godz. 19:00, hala MOSiR <\/a><\/p>\n\n\n\n<p><a href=\"http:\/\/ukssatori.esy.es\/index.php\/treningi\/#not-set:mlodsi\"><strong>GRUPA M\u0141ODSZA<\/strong> (bia\u0142y pas, nowi)- od czwartku 21.09, godz. 19:05, hala MOSiR <\/a><\/p>\n\n\n\n<p><a href=\"http:\/\/ukssatori.esy.es\/index.php\/treningi\/#not-set:przedszkolaki\"><strong>GRUPA PRZEDSZKOLNA<\/strong> &#8211; od 4.10 &#8211; SP10, od 5.10 &#8211; hala MOSiR<\/a><\/p>\n\n\n\n<p>Nie wiesz do jakiej grupy nale\u017cysz sprawd\u017a w zak\u0142adce <a href=\"http:\/\/ukssatori.esy.es\/index.php\/grupy\/\">GRUPY<\/a><\/p>\n","protected":false},"excerpt":{"rendered":"<p>Zaczynamy nowy sezon treningowy: GRUPA STARSZA &#8211; od poniedzia\u0142ku 4.09, godz. 19:30, hala MOSiR GRUPA \u015aREDNIA &#8211; od poniedzia\u0142ku 11.09, godz. 18:30, hala MOSiR GRUPA M\u0141ODSZA (\u017c\u00f3\u0142ty pas)- od \u015brody 20.09, godz. 19:00, hala MOSiR GRUPA M\u0141ODSZA (bia\u0142y pas, nowi)- od czwartku 21.09, godz. 19:05, hala MOSiR GRUPA PRZEDSZKOLNA &#8211; od 4.10 &#8211; SP10, od &hellip; <\/p>\n<p class=\"link-more\"><a href=\"https:\/\/ukssatori.esy.es\/index.php\/2023\/09\/03\/rozpoczecie-sezonu-treningow-karate-2023-24\/\" class=\"more-link\">Continue reading<span class=\"screen-reader-text\"> &#8222;ROZPOCZ\u0118CIE SEZONU TRENING\u00d3W KARATE 2023\/24&#8221;<\/span><\/a><\/p>\n","protected":false},"author":1,"featured_media":0,"comment_status":"closed","ping_status":"closed","sticky":false,"template":"","format":"standard","meta":{"footnotes":""},"categories":[4],"tags":[],"class_list":["post-747","post","type-post","status-publish","format-standard","hentry","category-aktualnosci"],"_links":{"self":[{"href":"https:\/\/ukssatori.esy.es\/index.php\/wp-json\/wp\/v2\/posts\/747","targetHints":{"allow":["GET"]}}],"collection":[{"href":"https:\/\/ukssatori.esy.es\/index.php\/wp-json\/wp\/v2\/posts"}],"about":[{"href":"https:\/\/ukssatori.esy.es\/index.php\/wp-json\/wp\/v2\/types\/post"}],"author":[{"embeddable":true,"href":"https:\/\/ukssatori.esy.es\/index.php\/wp-json\/wp\/v2\/users\/1"}],"replies":[{"embeddable":true,"href":"https:\/\/ukssatori.esy.es\/index.php\/wp-json\/wp\/v2\/comments?post=747"}],"version-history":[{"count":11,"href":"https:\/\/ukssatori.esy.es\/index.php\/wp-json\/wp\/v2\/posts\/747\/revisions"}],"predecessor-version":[{"id":775,"href":"https:\/\/ukssatori.esy.es\/index.php\/wp-json\/wp\/v2\/posts\/747\/revisions\/775"}],"wp:attachment":[{"href":"https:\/\/ukssatori.esy.es\/index.php\/wp-json\/wp\/v2\/media?parent=747"}],"wp:term":[{"taxonomy":"category","embeddable":true,"href":"https:\/\/ukssatori.esy.es\/index.php\/wp-json\/wp\/v2\/categories?post=747"},{"taxonomy":"post_tag","embeddable":true,"href":"https:\/\/ukssatori.esy.es\/index.php\/wp-json\/wp\/v2\/tags?post=747"}],"curies":[{"name":"wp","href":"https:\/\/api.w.org\/{rel}","templated":true}]}}