{"id":715,"date":"2023-01-18T15:10:13","date_gmt":"2023-01-18T14:10:13","guid":{"rendered":"http:\/\/ukssatori.esy.es\/?p=715"},"modified":"2023-01-18T15:10:50","modified_gmt":"2023-01-18T14:10:50","slug":"oboz-karate-lato-2023","status":"publish","type":"post","link":"https:\/\/ukssatori.esy.es\/index.php\/2023\/01\/18\/oboz-karate-lato-2023\/","title":{"rendered":"OB\u00d3Z KARATE LATO 2023"},"content":{"rendered":"\n<p><strong>ZAPRASZAMY WSZYSTKICH NA OB\u00d3Z KARATE LATO 2022 !!!<\/strong><br>Szczeg\u00f3\u0142y znajdziecie w zak\u0142adce\u00a0<a href=\"http:\/\/ukssatori.esy.es\/index.php\/oboz\/\">OB\u00d3Z<\/a><\/p>\n\n\n\n<p>Oczywi\u015bcie tak jak w zesz\u0142ym roku \u2013 uczestnicy obozu LATO 2023, maj\u0105 pierwsze\u0144stwo zapisania si\u0119 na tegoroczny wyjazd \u2013 wystarczy wys\u0142a\u0107 sms do trenerki Pati do dnia 19.02.&nbsp;<strong>\ud83d\ude42<\/strong><\/p>\n\n\n\n<figure class=\"wp-block-image size-large\"><img fetchpriority=\"high\" decoding=\"async\" width=\"1024\" height=\"724\" src=\"http:\/\/ukssatori.esy.es\/wp-content\/uploads\/2023\/01\/\u00f3b\u00f3z-2023-ofer-1024x724.jpg\" alt=\"\" class=\"wp-image-711\" srcset=\"https:\/\/ukssatori.esy.es\/wp-content\/uploads\/2023\/01\/\u00f3b\u00f3z-2023-ofer-1024x724.jpg 1024w, https:\/\/ukssatori.esy.es\/wp-content\/uploads\/2023\/01\/\u00f3b\u00f3z-2023-ofer-300x212.jpg 300w, https:\/\/ukssatori.esy.es\/wp-content\/uploads\/2023\/01\/\u00f3b\u00f3z-2023-ofer-768x543.jpg 768w, https:\/\/ukssatori.esy.es\/wp-content\/uploads\/2023\/01\/\u00f3b\u00f3z-2023-ofer-200x141.jpg 200w, https:\/\/ukssatori.esy.es\/wp-content\/uploads\/2023\/01\/\u00f3b\u00f3z-2023-ofer.jpg 1169w\" sizes=\"(max-width: 1024px) 100vw, 1024px\" \/><\/figure>\n","protected":false},"excerpt":{"rendered":"<p>ZAPRASZAMY WSZYSTKICH NA OB\u00d3Z KARATE LATO 2022 !!!Szczeg\u00f3\u0142y znajdziecie w zak\u0142adce\u00a0OB\u00d3Z Oczywi\u015bcie tak jak w zesz\u0142ym roku \u2013 uczestnicy obozu LATO 2023, maj\u0105 pierwsze\u0144stwo zapisania si\u0119 na tegoroczny wyjazd \u2013 wystarczy wys\u0142a\u0107 sms do trenerki Pati do dnia 19.02.&nbsp;\ud83d\ude42<\/p>\n","protected":false},"author":1,"featured_media":0,"comment_status":"closed","ping_status":"closed","sticky":false,"template":"","format":"standard","meta":{"footnotes":""},"categories":[4],"tags":[],"class_list":["post-715","post","type-post","status-publish","format-standard","hentry","category-aktualnosci"],"_links":{"self":[{"href":"https:\/\/ukssatori.esy.es\/index.php\/wp-json\/wp\/v2\/posts\/715","targetHints":{"allow":["GET"]}}],"collection":[{"href":"https:\/\/ukssatori.esy.es\/index.php\/wp-json\/wp\/v2\/posts"}],"about":[{"href":"https:\/\/ukssatori.esy.es\/index.php\/wp-json\/wp\/v2\/types\/post"}],"author":[{"embeddable":true,"href":"https:\/\/ukssatori.esy.es\/index.php\/wp-json\/wp\/v2\/users\/1"}],"replies":[{"embeddable":true,"href":"https:\/\/ukssatori.esy.es\/index.php\/wp-json\/wp\/v2\/comments?post=715"}],"version-history":[{"count":2,"href":"https:\/\/ukssatori.esy.es\/index.php\/wp-json\/wp\/v2\/posts\/715\/revisions"}],"predecessor-version":[{"id":717,"href":"https:\/\/ukssatori.esy.es\/index.php\/wp-json\/wp\/v2\/posts\/715\/revisions\/717"}],"wp:attachment":[{"href":"https:\/\/ukssatori.esy.es\/index.php\/wp-json\/wp\/v2\/media?parent=715"}],"wp:term":[{"taxonomy":"category","embeddable":true,"href":"https:\/\/ukssatori.esy.es\/index.php\/wp-json\/wp\/v2\/categories?post=715"},{"taxonomy":"post_tag","embeddable":true,"href":"https:\/\/ukssatori.esy.es\/index.php\/wp-json\/wp\/v2\/tags?post=715"}],"curies":[{"name":"wp","href":"https:\/\/api.w.org\/{rel}","templated":true}]}}