{"id":350,"date":"2020-05-31T19:59:13","date_gmt":"2020-05-31T17:59:13","guid":{"rendered":"http:\/\/ukssatori.esy.es\/?p=350"},"modified":"2020-05-31T21:15:27","modified_gmt":"2020-05-31T19:15:27","slug":"oboz-karate-2020","status":"publish","type":"post","link":"https:\/\/ukssatori.esy.es\/index.php\/2020\/05\/31\/oboz-karate-2020\/","title":{"rendered":"OB\u00d3Z KARATE 2020"},"content":{"rendered":"<p style=\"text-align: center;\"><strong>Mi\u0142o nam poinformowa\u0107, \u017ce<\/strong><\/p>\n<p style=\"text-align: center;\"><strong>Letni OB\u00d3Z KARATE 2020<\/strong><\/p>\n<p style=\"text-align: center;\"><strong>odb\u0119dzie si\u0119 zgodnie z planem !<\/strong><\/p>\n<p>Wszystkie szczeg\u00f3\u0142y dogrywamy by by\u0142y zgodnie z wytycznymi sanepidu (chodzi np.o ilo\u015b\u0107 os\u00f3b w salach itp), w tym tygodniu powstanie specjalna grupa na fb dla obozowiczy, gdzie b\u0119d\u0119 o wszystkim informowa\u0142a. Tymczasem prosimy wp\u0142aca\u0107 pozosta\u0142\u0105 kwot\u0119 za ob\u00f3z i mo\u017cecie kompletowa\u0107 plecaki na wyjazd.<\/p>\n","protected":false},"excerpt":{"rendered":"<p>Mi\u0142o nam poinformowa\u0107, \u017ce Letni OB\u00d3Z KARATE 2020 odb\u0119dzie si\u0119 zgodnie z planem ! Wszystkie szczeg\u00f3\u0142y dogrywamy by by\u0142y zgodnie z wytycznymi sanepidu (chodzi np.o ilo\u015b\u0107 os\u00f3b w salach itp), w tym tygodniu powstanie specjalna grupa na fb dla obozowiczy, gdzie b\u0119d\u0119 o wszystkim informowa\u0142a. Tymczasem prosimy wp\u0142aca\u0107 pozosta\u0142\u0105 kwot\u0119 za ob\u00f3z i mo\u017cecie kompletowa\u0107 &hellip; <\/p>\n<p class=\"link-more\"><a href=\"https:\/\/ukssatori.esy.es\/index.php\/2020\/05\/31\/oboz-karate-2020\/\" class=\"more-link\">Continue reading<span class=\"screen-reader-text\"> &#8222;OB\u00d3Z KARATE 2020&#8221;<\/span><\/a><\/p>\n","protected":false},"author":1,"featured_media":0,"comment_status":"closed","ping_status":"closed","sticky":false,"template":"","format":"standard","meta":{"footnotes":""},"categories":[4],"tags":[],"class_list":["post-350","post","type-post","status-publish","format-standard","hentry","category-aktualnosci"],"_links":{"self":[{"href":"https:\/\/ukssatori.esy.es\/index.php\/wp-json\/wp\/v2\/posts\/350","targetHints":{"allow":["GET"]}}],"collection":[{"href":"https:\/\/ukssatori.esy.es\/index.php\/wp-json\/wp\/v2\/posts"}],"about":[{"href":"https:\/\/ukssatori.esy.es\/index.php\/wp-json\/wp\/v2\/types\/post"}],"author":[{"embeddable":true,"href":"https:\/\/ukssatori.esy.es\/index.php\/wp-json\/wp\/v2\/users\/1"}],"replies":[{"embeddable":true,"href":"https:\/\/ukssatori.esy.es\/index.php\/wp-json\/wp\/v2\/comments?post=350"}],"version-history":[{"count":5,"href":"https:\/\/ukssatori.esy.es\/index.php\/wp-json\/wp\/v2\/posts\/350\/revisions"}],"predecessor-version":[{"id":355,"href":"https:\/\/ukssatori.esy.es\/index.php\/wp-json\/wp\/v2\/posts\/350\/revisions\/355"}],"wp:attachment":[{"href":"https:\/\/ukssatori.esy.es\/index.php\/wp-json\/wp\/v2\/media?parent=350"}],"wp:term":[{"taxonomy":"category","embeddable":true,"href":"https:\/\/ukssatori.esy.es\/index.php\/wp-json\/wp\/v2\/categories?post=350"},{"taxonomy":"post_tag","embeddable":true,"href":"https:\/\/ukssatori.esy.es\/index.php\/wp-json\/wp\/v2\/tags?post=350"}],"curies":[{"name":"wp","href":"https:\/\/api.w.org\/{rel}","templated":true}]}}