{"id":271,"date":"2019-11-17T20:54:25","date_gmt":"2019-11-17T19:54:25","guid":{"rendered":"http:\/\/ukssatori.esy.es\/?p=271"},"modified":"2019-11-23T09:29:09","modified_gmt":"2019-11-23T08:29:09","slug":"egzamin","status":"publish","type":"post","link":"https:\/\/ukssatori.esy.es\/index.php\/2019\/11\/17\/egzamin\/","title":{"rendered":"EGZAMIN"},"content":{"rendered":"\n<p>na stopnie karate &#8211; kyu odb\u0119d\u0105 si\u0119 <span style=\"color: #ff0000;\"><strong style=\"font-size: inherit;\" data-rich-text-format-boundary=\"true\">23.11.2019r<\/strong><\/span><span style=\"font-size: inherit;\"> (tj. sobota),<\/span> w SP 10 Miko\u0142\u00f3w, ul. Krakowska 30<\/p>\n<ul>\n<li><strong data-rich-text-format-boundary=\"true\">10:15<\/strong> <em>na 1,2,3 belk\u0119 bia\u0142ego pasa oraz na 1 i 2 belk\u0119 \u017c\u00f3\u0142tego<\/em><\/li>\n<li><strong>11:45<\/strong> <em>od \u017c\u00f3\u0142tego pasa z 3 belkami wzwy\u017c<\/em><\/li>\n<\/ul>\n<p style=\"text-align: center;\"><strong>15 min wcze\u015bniej<\/strong> zapisy na list\u0119 zdaj\u0105cych.<\/p>\n<p style=\"text-align: center;\"><em>Osoby sp\u00f3\u017anione nie mog\u0105 bra\u0107 udzia\u0142u w egzaminie, a czas trwania uzale\u017cniony od ilo\u015bci uczestnik\u00f3w !!!<\/em><br \/><strong>W dniu egzamin\u00f3w nie ma trening\u00f3w.<br \/><em>Uczestnictwo w egzaminie jest NIEOBOWI\u0104ZKOWE !<\/em><\/strong><\/p>\n<p style=\"text-align: center;\"><span style=\"color: #000080;\">W wyj\u0105tkowej sytuacji (choroby) osoba mo\u017ce zda\u0107 egzamin w terminie poprawkowym <strong>13.12.2019<\/strong><\/span><\/p>\n\n\n\n<p><\/p>\n","protected":false},"excerpt":{"rendered":"<p>na stopnie karate &#8211; kyu odb\u0119d\u0105 si\u0119 23.11.2019r (tj. sobota), w SP 10 Miko\u0142\u00f3w, ul. Krakowska 30 10:15 na 1,2,3 belk\u0119 bia\u0142ego pasa oraz na 1 i 2 belk\u0119 \u017c\u00f3\u0142tego 11:45 od \u017c\u00f3\u0142tego pasa z 3 belkami wzwy\u017c 15 min wcze\u015bniej zapisy na list\u0119 zdaj\u0105cych. Osoby sp\u00f3\u017anione nie mog\u0105 bra\u0107 udzia\u0142u w egzaminie, a czas &hellip; <\/p>\n<p class=\"link-more\"><a href=\"https:\/\/ukssatori.esy.es\/index.php\/2019\/11\/17\/egzamin\/\" class=\"more-link\">Continue reading<span class=\"screen-reader-text\"> &#8222;EGZAMIN&#8221;<\/span><\/a><\/p>\n","protected":false},"author":1,"featured_media":0,"comment_status":"closed","ping_status":"closed","sticky":false,"template":"","format":"standard","meta":{"footnotes":""},"categories":[4],"tags":[],"class_list":["post-271","post","type-post","status-publish","format-standard","hentry","category-aktualnosci"],"_links":{"self":[{"href":"https:\/\/ukssatori.esy.es\/index.php\/wp-json\/wp\/v2\/posts\/271","targetHints":{"allow":["GET"]}}],"collection":[{"href":"https:\/\/ukssatori.esy.es\/index.php\/wp-json\/wp\/v2\/posts"}],"about":[{"href":"https:\/\/ukssatori.esy.es\/index.php\/wp-json\/wp\/v2\/types\/post"}],"author":[{"embeddable":true,"href":"https:\/\/ukssatori.esy.es\/index.php\/wp-json\/wp\/v2\/users\/1"}],"replies":[{"embeddable":true,"href":"https:\/\/ukssatori.esy.es\/index.php\/wp-json\/wp\/v2\/comments?post=271"}],"version-history":[{"count":9,"href":"https:\/\/ukssatori.esy.es\/index.php\/wp-json\/wp\/v2\/posts\/271\/revisions"}],"predecessor-version":[{"id":286,"href":"https:\/\/ukssatori.esy.es\/index.php\/wp-json\/wp\/v2\/posts\/271\/revisions\/286"}],"wp:attachment":[{"href":"https:\/\/ukssatori.esy.es\/index.php\/wp-json\/wp\/v2\/media?parent=271"}],"wp:term":[{"taxonomy":"category","embeddable":true,"href":"https:\/\/ukssatori.esy.es\/index.php\/wp-json\/wp\/v2\/categories?post=271"},{"taxonomy":"post_tag","embeddable":true,"href":"https:\/\/ukssatori.esy.es\/index.php\/wp-json\/wp\/v2\/tags?post=271"}],"curies":[{"name":"wp","href":"https:\/\/api.w.org\/{rel}","templated":true}]}}